{"id":8435,"date":"2026-04-10T10:11:43","date_gmt":"2026-04-10T10:11:43","guid":{"rendered":"https:\/\/colli.iconeslab.it\/la-vendemmia-una-festa-per-tutti\/"},"modified":"2026-04-10T10:11:43","modified_gmt":"2026-04-10T10:11:43","slug":"la-vendemmia-una-festa-per-tutti","status":"publish","type":"post","link":"https:\/\/collidellamurgia.it\/en\/la-vendemmia-una-festa-per-tutti\/","title":{"rendered":"La Vendemmia: una festa per tutti"},"content":{"rendered":"\t\t<div data-elementor-type=\"wp-post\" data-elementor-id=\"8435\" class=\"elementor elementor-8435 elementor-6223\" data-elementor-post-type=\"post\">\n\t\t\t\t\t\t<section class=\"elementor-section elementor-top-section elementor-element elementor-element-d8c769d elementor-section-boxed elementor-section-height-default elementor-section-height-default\" data-id=\"d8c769d\" data-element_type=\"section\" data-e-type=\"section\">\n\t\t\t\t\t\t<div class=\"elementor-container elementor-column-gap-no\">\n\t\t\t\t\t<div class=\"elementor-column elementor-col-100 elementor-top-column elementor-element elementor-element-1fc6b50\" data-id=\"1fc6b50\" data-element_type=\"column\" data-e-type=\"column\">\n\t\t\t<div class=\"elementor-widget-wrap elementor-element-populated\">\n\t\t\t\t\t\t<section class=\"elementor-section elementor-inner-section elementor-element elementor-element-5dd6e06 elementor-section-boxed elementor-section-height-default elementor-section-height-default\" data-id=\"5dd6e06\" data-element_type=\"section\" data-e-type=\"section\">\n\t\t\t\t\t\t<div class=\"elementor-container elementor-column-gap-default\">\n\t\t\t\t\t<div class=\"elementor-column elementor-col-100 elementor-inner-column elementor-element elementor-element-c1ead99\" data-id=\"c1ead99\" data-element_type=\"column\" data-e-type=\"column\">\n\t\t\t<div class=\"elementor-widget-wrap elementor-element-populated\">\n\t\t\t\t\t\t<div class=\"elementor-element elementor-element-2ff86c6 elementor-widget elementor-widget-html\" data-id=\"2ff86c6\" data-element_type=\"widget\" data-e-type=\"widget\" data-widget_type=\"html.default\">\n\t\t\t\t<div class=\"elementor-widget-container\">\n\t\t\t\t\t<p class=\"textp\">Nel ciclo annuale della vite, la vendemmia rappresenta sicuramente il momento pi\u00f9 intenso.\n<\/p>\n<p class=\"textp\">\nLa raccolta delle uve ripaga il vignaiolo della pazienza di un anno intero. \u00c8 davvero bello poter trasferire le emozioni della vita in vigna, soprattutto alle nuove generazioni e ai pi\u00f9 piccoli.\n\n<\/p>\n\t\t\t\t<\/div>\n\t\t\t\t<\/div>\n\t\t\t\t<div class=\"elementor-element elementor-element-ad46dc2 elementor-widget elementor-widget-video\" data-id=\"ad46dc2\" data-element_type=\"widget\" data-e-type=\"widget\" data-settings=\"{&quot;youtube_url&quot;:&quot;https:\\\/\\\/www.youtube.com\\\/watch?v=ZvSz9woRBxc&quot;,&quot;video_type&quot;:&quot;youtube&quot;,&quot;controls&quot;:&quot;yes&quot;}\" data-widget_type=\"video.default\">\n\t\t\t\t<div class=\"elementor-widget-container\">\n\t\t\t\t\t\t\t<div class=\"elementor-wrapper elementor-open-inline\">\n\t\t\t<div class=\"elementor-video\"><\/div>\t\t<\/div>\n\t\t\t\t\t\t<\/div>\n\t\t\t\t<\/div>\n\t\t\t\t\t<\/div>\n\t\t<\/div>\n\t\t\t\t\t<\/div>\n\t\t<\/section>\n\t\t\t\t\t<\/div>\n\t\t<\/div>\n\t\t\t\t\t<\/div>\n\t\t<\/section>\n\t\t\t\t<section class=\"elementor-section elementor-top-section elementor-element elementor-element-9ed4bae elementor-section-boxed elementor-section-height-default elementor-section-height-default\" data-id=\"9ed4bae\" data-element_type=\"section\" data-e-type=\"section\">\n\t\t\t\t\t\t<div class=\"elementor-container elementor-column-gap-default\">\n\t\t\t\t\t<div class=\"elementor-column elementor-col-100 elementor-top-column elementor-element elementor-element-a4be6f8\" data-id=\"a4be6f8\" data-element_type=\"column\" data-e-type=\"column\">\n\t\t\t<div class=\"elementor-widget-wrap elementor-element-populated\">\n\t\t\t\t\t\t<section class=\"elementor-section elementor-inner-section elementor-element elementor-element-389b706 elementor-section-boxed elementor-section-height-default elementor-section-height-default\" data-id=\"389b706\" data-element_type=\"section\" data-e-type=\"section\">\n\t\t\t\t\t\t<div class=\"elementor-container elementor-column-gap-default\">\n\t\t\t\t\t<div class=\"elementor-column elementor-col-50 elementor-inner-column elementor-element elementor-element-3eabb1e\" data-id=\"3eabb1e\" data-element_type=\"column\" data-e-type=\"column\">\n\t\t\t<div class=\"elementor-widget-wrap elementor-element-populated\">\n\t\t\t\t\t\t<div class=\"elementor-element elementor-element-388003d elementor-widget elementor-widget-html\" data-id=\"388003d\" data-element_type=\"widget\" data-e-type=\"widget\" data-widget_type=\"html.default\">\n\t\t\t\t<div class=\"elementor-widget-container\">\n\t\t\t\t\t<p class=\"textp\">Ci vuole tempo per produrre un ottimo vino, un tempo fatto di cure, di pazienza e di sguardi rivolti al cielo. La vendemmia \u00e8 imprevedibile fino alla fine; potrebbe essere abbondante, moderata, eccellente.<\/p>\n<p class=\"textp\">L\u2019unica certezza \u00e8 che ogni anno tra agosto e ottobre, quando le uve hanno raggiunto il grado di maturazione desiderato, comincia la festa nei campi dove l\u2019arte contadina si tramanda dai tempi pi\u00f9 antichi. \n<\/p>\n\t\t\t\t<\/div>\n\t\t\t\t<\/div>\n\t\t\t\t\t<\/div>\n\t\t<\/div>\n\t\t\t\t<div class=\"elementor-column elementor-col-50 elementor-inner-column elementor-element elementor-element-0994398\" data-id=\"0994398\" data-element_type=\"column\" data-e-type=\"column\">\n\t\t\t<div class=\"elementor-widget-wrap elementor-element-populated\">\n\t\t\t\t\t\t<div class=\"elementor-element elementor-element-edcbab0 elementor-widget elementor-widget-image\" data-id=\"edcbab0\" data-element_type=\"widget\" data-e-type=\"widget\" data-widget_type=\"image.default\">\n\t\t\t\t<div class=\"elementor-widget-container\">\n\t\t\t\t\t\t\t\t\t\t\t\t\t\t\t<img fetchpriority=\"high\" decoding=\"async\" width=\"1200\" height=\"801\" src=\"https:\/\/collidellamurgia.it\/wp-content\/uploads\/2021\/10\/DSC03776.jpg\" class=\"attachment-full size-full wp-image-6231\" alt=\"La Vendemmia: una festa per tutti\" srcset=\"https:\/\/collidellamurgia.it\/wp-content\/uploads\/2021\/10\/DSC03776.jpg 1200w, https:\/\/collidellamurgia.it\/wp-content\/uploads\/2021\/10\/DSC03776-300x200.jpg 300w, https:\/\/collidellamurgia.it\/wp-content\/uploads\/2021\/10\/DSC03776-1024x684.jpg 1024w, https:\/\/collidellamurgia.it\/wp-content\/uploads\/2021\/10\/DSC03776-768x513.jpg 768w, https:\/\/collidellamurgia.it\/wp-content\/uploads\/2021\/10\/DSC03776-600x401.jpg 600w\" sizes=\"(max-width: 1200px) 100vw, 1200px\" title=\"\">\t\t\t\t\t\t\t\t\t\t\t\t\t\t\t<\/div>\n\t\t\t\t<\/div>\n\t\t\t\t\t<\/div>\n\t\t<\/div>\n\t\t\t\t\t<\/div>\n\t\t<\/section>\n\t\t\t\t\t<\/div>\n\t\t<\/div>\n\t\t\t\t\t<\/div>\n\t\t<\/section>\n\t\t\t\t<section class=\"elementor-section elementor-top-section elementor-element elementor-element-2a70118 elementor-section-boxed elementor-section-height-default elementor-section-height-default\" data-id=\"2a70118\" data-element_type=\"section\" data-e-type=\"section\">\n\t\t\t\t\t\t<div class=\"elementor-container elementor-column-gap-default\">\n\t\t\t\t\t<div class=\"elementor-column elementor-col-100 elementor-top-column elementor-element elementor-element-dd81605\" data-id=\"dd81605\" data-element_type=\"column\" data-e-type=\"column\">\n\t\t\t<div class=\"elementor-widget-wrap elementor-element-populated\">\n\t\t\t\t\t\t<section class=\"elementor-section elementor-inner-section elementor-element elementor-element-f377baf elementor-reverse-mobile elementor-section-boxed elementor-section-height-default elementor-section-height-default\" data-id=\"f377baf\" data-element_type=\"section\" data-e-type=\"section\">\n\t\t\t\t\t\t<div class=\"elementor-container elementor-column-gap-default\">\n\t\t\t\t\t<div class=\"elementor-column elementor-col-50 elementor-inner-column elementor-element elementor-element-ad7d5fd\" data-id=\"ad7d5fd\" data-element_type=\"column\" data-e-type=\"column\">\n\t\t\t<div class=\"elementor-widget-wrap elementor-element-populated\">\n\t\t\t\t\t\t<div class=\"elementor-element elementor-element-3d83f20 elementor-widget elementor-widget-image\" data-id=\"3d83f20\" data-element_type=\"widget\" data-e-type=\"widget\" data-widget_type=\"image.default\">\n\t\t\t\t<div class=\"elementor-widget-container\">\n\t\t\t\t\t\t\t\t\t\t\t\t\t\t\t<img decoding=\"async\" width=\"1200\" height=\"801\" src=\"https:\/\/collidellamurgia.it\/wp-content\/uploads\/2021\/10\/DSC03771.jpg\" class=\"attachment-full size-full wp-image-6229\" alt=\"La Vendemmia: una festa per tutti\" srcset=\"https:\/\/collidellamurgia.it\/wp-content\/uploads\/2021\/10\/DSC03771.jpg 1200w, https:\/\/collidellamurgia.it\/wp-content\/uploads\/2021\/10\/DSC03771-300x200.jpg 300w, https:\/\/collidellamurgia.it\/wp-content\/uploads\/2021\/10\/DSC03771-1024x684.jpg 1024w, https:\/\/collidellamurgia.it\/wp-content\/uploads\/2021\/10\/DSC03771-768x513.jpg 768w, https:\/\/collidellamurgia.it\/wp-content\/uploads\/2021\/10\/DSC03771-600x401.jpg 600w\" sizes=\"(max-width: 1200px) 100vw, 1200px\" title=\"\">\t\t\t\t\t\t\t\t\t\t\t\t\t\t\t<\/div>\n\t\t\t\t<\/div>\n\t\t\t\t\t<\/div>\n\t\t<\/div>\n\t\t\t\t<div class=\"elementor-column elementor-col-50 elementor-inner-column elementor-element elementor-element-a2b754f\" data-id=\"a2b754f\" data-element_type=\"column\" data-e-type=\"column\">\n\t\t\t<div class=\"elementor-widget-wrap elementor-element-populated\">\n\t\t\t\t\t\t<div class=\"elementor-element elementor-element-4aed43d elementor-widget elementor-widget-html\" data-id=\"4aed43d\" data-element_type=\"widget\" data-e-type=\"widget\" data-widget_type=\"html.default\">\n\t\t\t\t<div class=\"elementor-widget-container\">\n\t\t\t\t\t<p class=\"textp\">La condivisione, il lavoro e le testimonianze conferiscono alla vendemmia un valore antropologico altissimo: il rito della raccolta a mano, col sole mite dell\u2019autunno che accompagna i gesti, si fa festa con storie e aneddoti,  grandi e piccoli a tagliare i grappoli insieme, il vecchio rituale della pigiatura e poi risate, pane caldo, formaggio e vino.\n<\/p><p class=\"textp\">\nIl mondo cambia continuamente, ma nel vino c\u2019\u00e8 un\u2019evoluzione pi\u00f9 profonda che \u00e8 il legame indissolubile con le radici e la terra.\n\n<\/p>\t\t\t\t<\/div>\n\t\t\t\t<\/div>\n\t\t\t\t\t<\/div>\n\t\t<\/div>\n\t\t\t\t\t<\/div>\n\t\t<\/section>\n\t\t\t\t\t<\/div>\n\t\t<\/div>\n\t\t\t\t\t<\/div>\n\t\t<\/section>\n\t\t\t\t<section class=\"elementor-section elementor-top-section elementor-element elementor-element-093ed2c elementor-section-boxed elementor-section-height-default elementor-section-height-default\" data-id=\"093ed2c\" data-element_type=\"section\" data-e-type=\"section\">\n\t\t\t\t\t\t<div class=\"elementor-container elementor-column-gap-default\">\n\t\t\t\t\t<div class=\"elementor-column elementor-col-100 elementor-top-column elementor-element elementor-element-d1bc984\" data-id=\"d1bc984\" data-element_type=\"column\" data-e-type=\"column\">\n\t\t\t<div class=\"elementor-widget-wrap elementor-element-populated\">\n\t\t\t\t\t\t<div class=\"elementor-element elementor-element-e618e13 elementor-widget elementor-widget-text-editor\" data-id=\"e618e13\" data-element_type=\"widget\" data-e-type=\"widget\" data-widget_type=\"text-editor.default\">\n\t\t\t\t<div class=\"elementor-widget-container\">\n\t\t\t\t\t\t\t\t\t<h3>Fotogallery<\/h3>\t\t\t\t\t\t\t\t<\/div>\n\t\t\t\t<\/div>\n\t\t\t\t<div class=\"elementor-element elementor-element-4515d92 gallery-spacing-custom elementor-widget elementor-widget-image-gallery\" data-id=\"4515d92\" data-element_type=\"widget\" data-e-type=\"widget\" data-widget_type=\"image-gallery.default\">\n\t\t\t\t<div class=\"elementor-widget-container\">\n\t\t\t\t\t\t\t<div class=\"elementor-image-gallery\">\n\t\t\t<div id='gallery-1' class='gallery galleryid-8435 gallery-columns-2 gallery-size-full'><figure class='gallery-item'>\n\t\t\t<div class='gallery-icon landscape'>\n\t\t\t\t<a data-elementor-open-lightbox=\"yes\" data-elementor-lightbox-slideshow=\"4515d92\" data-elementor-lightbox-title=\"DSC03914\" data-elementor-lightbox-description=\"La Vendemmia: una festa per tutti\" data-e-action-hash=\"#elementor-action%3Aaction%3Dlightbox%26settings%3DeyJpZCI6NjI0OSwidXJsIjoiaHR0cHM6XC9cL2NvbGxpZGVsbGFtdXJnaWEuaXRcL3dwLWNvbnRlbnRcL3VwbG9hZHNcLzIwMjFcLzEwXC9EU0MwMzkxNC5qcGciLCJzbGlkZXNob3ciOiI0NTE1ZDkyIn0%3D\" href='https:\/\/collidellamurgia.it\/wp-content\/uploads\/2021\/10\/DSC03914.jpg'><img width=\"1200\" height=\"800\" src=\"https:\/\/collidellamurgia.it\/wp-content\/uploads\/2021\/10\/DSC03914.jpg\" class=\"attachment-full size-full\" alt=\"La Vendemmia: una festa per tutti\" aria-describedby=\"gallery-1-6249\" decoding=\"async\" srcset=\"https:\/\/collidellamurgia.it\/wp-content\/uploads\/2021\/10\/DSC03914.jpg 1200w, https:\/\/collidellamurgia.it\/wp-content\/uploads\/2021\/10\/DSC03914-300x200.jpg 300w, https:\/\/collidellamurgia.it\/wp-content\/uploads\/2021\/10\/DSC03914-1024x683.jpg 1024w, https:\/\/collidellamurgia.it\/wp-content\/uploads\/2021\/10\/DSC03914-768x512.jpg 768w, https:\/\/collidellamurgia.it\/wp-content\/uploads\/2021\/10\/DSC03914-600x400.jpg 600w\" sizes=\"(max-width: 1200px) 100vw, 1200px\" title=\"\"><\/a>\n\t\t\t<\/div>\n\t\t\t\t<figcaption class='wp-caption-text gallery-caption' id='gallery-1-6249'>\n\t\t\t\tLa Vendemmia: una festa per tutti\n\t\t\t\t<\/figcaption><\/figure><figure class='gallery-item'>\n\t\t\t<div class='gallery-icon landscape'>\n\t\t\t\t<a data-elementor-open-lightbox=\"yes\" data-elementor-lightbox-slideshow=\"4515d92\" data-elementor-lightbox-title=\"DSC03891\" data-elementor-lightbox-description=\"La Vendemmia: una festa per tutti\" data-e-action-hash=\"#elementor-action%3Aaction%3Dlightbox%26settings%3DeyJpZCI6NjI0NSwidXJsIjoiaHR0cHM6XC9cL2NvbGxpZGVsbGFtdXJnaWEuaXRcL3dwLWNvbnRlbnRcL3VwbG9hZHNcLzIwMjFcLzEwXC9EU0MwMzg5MS5qcGciLCJzbGlkZXNob3ciOiI0NTE1ZDkyIn0%3D\" href='https:\/\/collidellamurgia.it\/wp-content\/uploads\/2021\/10\/DSC03891.jpg'><img loading=\"lazy\" width=\"1200\" height=\"800\" src=\"https:\/\/collidellamurgia.it\/wp-content\/uploads\/2021\/10\/DSC03891.jpg\" class=\"attachment-full size-full\" alt=\"La Vendemmia: una festa per tutti\" aria-describedby=\"gallery-1-6245\" decoding=\"async\" srcset=\"https:\/\/collidellamurgia.it\/wp-content\/uploads\/2021\/10\/DSC03891.jpg 1200w, https:\/\/collidellamurgia.it\/wp-content\/uploads\/2021\/10\/DSC03891-300x200.jpg 300w, https:\/\/collidellamurgia.it\/wp-content\/uploads\/2021\/10\/DSC03891-1024x683.jpg 1024w, https:\/\/collidellamurgia.it\/wp-content\/uploads\/2021\/10\/DSC03891-768x512.jpg 768w, https:\/\/collidellamurgia.it\/wp-content\/uploads\/2021\/10\/DSC03891-600x400.jpg 600w\" sizes=\"(max-width: 1200px) 100vw, 1200px\" title=\"\"><\/a>\n\t\t\t<\/div>\n\t\t\t\t<figcaption class='wp-caption-text gallery-caption' id='gallery-1-6245'>\n\t\t\t\tLa Vendemmia: una festa per tutti\n\t\t\t\t<\/figcaption><\/figure><figure class='gallery-item'>\n\t\t\t<div class='gallery-icon landscape'>\n\t\t\t\t<a data-elementor-open-lightbox=\"yes\" data-elementor-lightbox-slideshow=\"4515d92\" data-elementor-lightbox-title=\"DSC03829\" data-elementor-lightbox-description=\"La Vendemmia: una festa per tutti\" data-e-action-hash=\"#elementor-action%3Aaction%3Dlightbox%26settings%3DeyJpZCI6NjI0MSwidXJsIjoiaHR0cHM6XC9cL2NvbGxpZGVsbGFtdXJnaWEuaXRcL3dwLWNvbnRlbnRcL3VwbG9hZHNcLzIwMjFcLzEwXC9EU0MwMzgyOS5qcGciLCJzbGlkZXNob3ciOiI0NTE1ZDkyIn0%3D\" href='https:\/\/collidellamurgia.it\/wp-content\/uploads\/2021\/10\/DSC03829.jpg'><img loading=\"lazy\" width=\"1200\" height=\"800\" src=\"https:\/\/collidellamurgia.it\/wp-content\/uploads\/2021\/10\/DSC03829.jpg\" class=\"attachment-full size-full\" alt=\"La Vendemmia: una festa per tutti\" aria-describedby=\"gallery-1-6241\" decoding=\"async\" srcset=\"https:\/\/collidellamurgia.it\/wp-content\/uploads\/2021\/10\/DSC03829.jpg 1200w, https:\/\/collidellamurgia.it\/wp-content\/uploads\/2021\/10\/DSC03829-300x200.jpg 300w, https:\/\/collidellamurgia.it\/wp-content\/uploads\/2021\/10\/DSC03829-1024x683.jpg 1024w, https:\/\/collidellamurgia.it\/wp-content\/uploads\/2021\/10\/DSC03829-768x512.jpg 768w, https:\/\/collidellamurgia.it\/wp-content\/uploads\/2021\/10\/DSC03829-600x400.jpg 600w\" sizes=\"(max-width: 1200px) 100vw, 1200px\" title=\"\"><\/a>\n\t\t\t<\/div>\n\t\t\t\t<figcaption class='wp-caption-text gallery-caption' id='gallery-1-6241'>\n\t\t\t\tLa Vendemmia: una festa per tutti\n\t\t\t\t<\/figcaption><\/figure><figure class='gallery-item'>\n\t\t\t<div class='gallery-icon landscape'>\n\t\t\t\t<a data-elementor-open-lightbox=\"yes\" data-elementor-lightbox-slideshow=\"4515d92\" data-elementor-lightbox-title=\"DSC03806\" data-elementor-lightbox-description=\"La Vendemmia: una festa per tutti\" data-e-action-hash=\"#elementor-action%3Aaction%3Dlightbox%26settings%3DeyJpZCI6NjIzOSwidXJsIjoiaHR0cHM6XC9cL2NvbGxpZGVsbGFtdXJnaWEuaXRcL3dwLWNvbnRlbnRcL3VwbG9hZHNcLzIwMjFcLzEwXC9EU0MwMzgwNi5qcGciLCJzbGlkZXNob3ciOiI0NTE1ZDkyIn0%3D\" href='https:\/\/collidellamurgia.it\/wp-content\/uploads\/2021\/10\/DSC03806.jpg'><img loading=\"lazy\" width=\"1200\" height=\"800\" src=\"https:\/\/collidellamurgia.it\/wp-content\/uploads\/2021\/10\/DSC03806.jpg\" class=\"attachment-full size-full\" alt=\"La Vendemmia: una festa per tutti\" aria-describedby=\"gallery-1-6239\" decoding=\"async\" srcset=\"https:\/\/collidellamurgia.it\/wp-content\/uploads\/2021\/10\/DSC03806.jpg 1200w, https:\/\/collidellamurgia.it\/wp-content\/uploads\/2021\/10\/DSC03806-300x200.jpg 300w, https:\/\/collidellamurgia.it\/wp-content\/uploads\/2021\/10\/DSC03806-1024x683.jpg 1024w, https:\/\/collidellamurgia.it\/wp-content\/uploads\/2021\/10\/DSC03806-768x512.jpg 768w, https:\/\/collidellamurgia.it\/wp-content\/uploads\/2021\/10\/DSC03806-600x400.jpg 600w\" sizes=\"(max-width: 1200px) 100vw, 1200px\" title=\"\"><\/a>\n\t\t\t<\/div>\n\t\t\t\t<figcaption class='wp-caption-text gallery-caption' id='gallery-1-6239'>\n\t\t\t\tLa Vendemmia: una festa per tutti\n\t\t\t\t<\/figcaption><\/figure><figure class='gallery-item'>\n\t\t\t<div class='gallery-icon landscape'>\n\t\t\t\t<a data-elementor-open-lightbox=\"yes\" data-elementor-lightbox-slideshow=\"4515d92\" data-elementor-lightbox-title=\"DSC03799\" data-elementor-lightbox-description=\"La Vendemmia: una festa per tutti\" data-e-action-hash=\"#elementor-action%3Aaction%3Dlightbox%26settings%3DeyJpZCI6NjIzNywidXJsIjoiaHR0cHM6XC9cL2NvbGxpZGVsbGFtdXJnaWEuaXRcL3dwLWNvbnRlbnRcL3VwbG9hZHNcLzIwMjFcLzEwXC9EU0MwMzc5OS5qcGciLCJzbGlkZXNob3ciOiI0NTE1ZDkyIn0%3D\" href='https:\/\/collidellamurgia.it\/wp-content\/uploads\/2021\/10\/DSC03799.jpg'><img loading=\"lazy\" width=\"1200\" height=\"800\" src=\"https:\/\/collidellamurgia.it\/wp-content\/uploads\/2021\/10\/DSC03799.jpg\" class=\"attachment-full size-full\" alt=\"La Vendemmia: una festa per tutti\" aria-describedby=\"gallery-1-6237\" decoding=\"async\" srcset=\"https:\/\/collidellamurgia.it\/wp-content\/uploads\/2021\/10\/DSC03799.jpg 1200w, https:\/\/collidellamurgia.it\/wp-content\/uploads\/2021\/10\/DSC03799-300x200.jpg 300w, https:\/\/collidellamurgia.it\/wp-content\/uploads\/2021\/10\/DSC03799-1024x683.jpg 1024w, https:\/\/collidellamurgia.it\/wp-content\/uploads\/2021\/10\/DSC03799-768x512.jpg 768w, https:\/\/collidellamurgia.it\/wp-content\/uploads\/2021\/10\/DSC03799-600x400.jpg 600w\" sizes=\"(max-width: 1200px) 100vw, 1200px\" title=\"\"><\/a>\n\t\t\t<\/div>\n\t\t\t\t<figcaption class='wp-caption-text gallery-caption' id='gallery-1-6237'>\n\t\t\t\tLa Vendemmia: una festa per tutti\n\t\t\t\t<\/figcaption><\/figure><figure class='gallery-item'>\n\t\t\t<div class='gallery-icon landscape'>\n\t\t\t\t<a data-elementor-open-lightbox=\"yes\" data-elementor-lightbox-slideshow=\"4515d92\" data-elementor-lightbox-title=\"DSC03794\" data-elementor-lightbox-description=\"La Vendemmia: una festa per tutti\" data-e-action-hash=\"#elementor-action%3Aaction%3Dlightbox%26settings%3DeyJpZCI6NjIzNSwidXJsIjoiaHR0cHM6XC9cL2NvbGxpZGVsbGFtdXJnaWEuaXRcL3dwLWNvbnRlbnRcL3VwbG9hZHNcLzIwMjFcLzEwXC9EU0MwMzc5NC5qcGciLCJzbGlkZXNob3ciOiI0NTE1ZDkyIn0%3D\" href='https:\/\/collidellamurgia.it\/wp-content\/uploads\/2021\/10\/DSC03794.jpg'><img loading=\"lazy\" width=\"1200\" height=\"801\" src=\"https:\/\/collidellamurgia.it\/wp-content\/uploads\/2021\/10\/DSC03794.jpg\" class=\"attachment-full size-full\" alt=\"La Vendemmia: una festa per tutti\" aria-describedby=\"gallery-1-6235\" decoding=\"async\" srcset=\"https:\/\/collidellamurgia.it\/wp-content\/uploads\/2021\/10\/DSC03794.jpg 1200w, https:\/\/collidellamurgia.it\/wp-content\/uploads\/2021\/10\/DSC03794-300x200.jpg 300w, https:\/\/collidellamurgia.it\/wp-content\/uploads\/2021\/10\/DSC03794-1024x684.jpg 1024w, https:\/\/collidellamurgia.it\/wp-content\/uploads\/2021\/10\/DSC03794-768x513.jpg 768w, https:\/\/collidellamurgia.it\/wp-content\/uploads\/2021\/10\/DSC03794-600x401.jpg 600w\" sizes=\"(max-width: 1200px) 100vw, 1200px\" title=\"\"><\/a>\n\t\t\t<\/div>\n\t\t\t\t<figcaption class='wp-caption-text gallery-caption' id='gallery-1-6235'>\n\t\t\t\tLa Vendemmia: una festa per tutti\n\t\t\t\t<\/figcaption><\/figure><figure class='gallery-item'>\n\t\t\t<div class='gallery-icon landscape'>\n\t\t\t\t<a data-elementor-open-lightbox=\"yes\" data-elementor-lightbox-slideshow=\"4515d92\" data-elementor-lightbox-title=\"DSC03768\" data-elementor-lightbox-description=\"La Vendemmia: una festa per tutti\" data-e-action-hash=\"#elementor-action%3Aaction%3Dlightbox%26settings%3DeyJpZCI6NjIyNywidXJsIjoiaHR0cHM6XC9cL2NvbGxpZGVsbGFtdXJnaWEuaXRcL3dwLWNvbnRlbnRcL3VwbG9hZHNcLzIwMjFcLzEwXC9EU0MwMzc2OC5qcGciLCJzbGlkZXNob3ciOiI0NTE1ZDkyIn0%3D\" href='https:\/\/collidellamurgia.it\/wp-content\/uploads\/2021\/10\/DSC03768.jpg'><img loading=\"lazy\" width=\"1200\" height=\"801\" src=\"https:\/\/collidellamurgia.it\/wp-content\/uploads\/2021\/10\/DSC03768.jpg\" class=\"attachment-full size-full\" alt=\"La Vendemmia: una festa per tutti\" aria-describedby=\"gallery-1-6227\" decoding=\"async\" srcset=\"https:\/\/collidellamurgia.it\/wp-content\/uploads\/2021\/10\/DSC03768.jpg 1200w, https:\/\/collidellamurgia.it\/wp-content\/uploads\/2021\/10\/DSC03768-300x200.jpg 300w, https:\/\/collidellamurgia.it\/wp-content\/uploads\/2021\/10\/DSC03768-1024x684.jpg 1024w, https:\/\/collidellamurgia.it\/wp-content\/uploads\/2021\/10\/DSC03768-768x513.jpg 768w, https:\/\/collidellamurgia.it\/wp-content\/uploads\/2021\/10\/DSC03768-600x401.jpg 600w\" sizes=\"(max-width: 1200px) 100vw, 1200px\" title=\"\"><\/a>\n\t\t\t<\/div>\n\t\t\t\t<figcaption class='wp-caption-text gallery-caption' id='gallery-1-6227'>\n\t\t\t\tLa Vendemmia: una festa per tutti\n\t\t\t\t<\/figcaption><\/figure><figure class='gallery-item'>\n\t\t\t<div class='gallery-icon landscape'>\n\t\t\t\t<a data-elementor-open-lightbox=\"yes\" data-elementor-lightbox-slideshow=\"4515d92\" data-elementor-lightbox-title=\"DSC03715\" data-elementor-lightbox-description=\"La Vendemmia: una festa per tutti\" data-e-action-hash=\"#elementor-action%3Aaction%3Dlightbox%26settings%3DeyJpZCI6NjIyNSwidXJsIjoiaHR0cHM6XC9cL2NvbGxpZGVsbGFtdXJnaWEuaXRcL3dwLWNvbnRlbnRcL3VwbG9hZHNcLzIwMjFcLzEwXC9EU0MwMzcxNS5qcGciLCJzbGlkZXNob3ciOiI0NTE1ZDkyIn0%3D\" href='https:\/\/collidellamurgia.it\/wp-content\/uploads\/2021\/10\/DSC03715.jpg'><img loading=\"lazy\" width=\"1200\" height=\"800\" src=\"https:\/\/collidellamurgia.it\/wp-content\/uploads\/2021\/10\/DSC03715.jpg\" class=\"attachment-full size-full\" alt=\"La Vendemmia: una festa per tutti\" aria-describedby=\"gallery-1-6225\" decoding=\"async\" srcset=\"https:\/\/collidellamurgia.it\/wp-content\/uploads\/2021\/10\/DSC03715.jpg 1200w, https:\/\/collidellamurgia.it\/wp-content\/uploads\/2021\/10\/DSC03715-300x200.jpg 300w, https:\/\/collidellamurgia.it\/wp-content\/uploads\/2021\/10\/DSC03715-1024x683.jpg 1024w, https:\/\/collidellamurgia.it\/wp-content\/uploads\/2021\/10\/DSC03715-768x512.jpg 768w, https:\/\/collidellamurgia.it\/wp-content\/uploads\/2021\/10\/DSC03715-600x400.jpg 600w\" sizes=\"(max-width: 1200px) 100vw, 1200px\" title=\"\"><\/a>\n\t\t\t<\/div>\n\t\t\t\t<figcaption class='wp-caption-text gallery-caption' id='gallery-1-6225'>\n\t\t\t\tLa Vendemmia: una festa per tutti\n\t\t\t\t<\/figcaption><\/figure>\n\t\t<\/div>\n\t\t<\/div>\n\t\t\t\t\t\t<\/div>\n\t\t\t\t<\/div>\n\t\t\t\t\t<\/div>\n\t\t<\/div>\n\t\t\t\t\t<\/div>\n\t\t<\/section>\n\t\t\t\t<\/div>\n\t\t","protected":false},"excerpt":{"rendered":"<p>Nel ciclo annuale della vite, la vendemmia rappresenta sicuramente il momento pi\u00f9 intenso. La raccolta delle uve ripaga il vignaiolo della pazienza di un anno intero. \u00c8 davvero bello poter trasferire le emozioni della vita in vigna, soprattutto alle nuove generazioni e ai pi\u00f9 piccoli. Ci vuole tempo per produrre un ottimo vino, un tempo [&hellip;]<\/p>\n","protected":false},"author":714,"featured_media":6247,"comment_status":"closed","ping_status":"closed","sticky":false,"template":"","format":"standard","meta":{"footnotes":""},"categories":[52],"tags":[],"class_list":["post-8435","post","type-post","status-publish","format-standard","has-post-thumbnail","hentry","category-lab-en"],"_links":{"self":[{"href":"https:\/\/collidellamurgia.it\/en\/wp-json\/wp\/v2\/posts\/8435","targetHints":{"allow":["GET"]}}],"collection":[{"href":"https:\/\/collidellamurgia.it\/en\/wp-json\/wp\/v2\/posts"}],"about":[{"href":"https:\/\/collidellamurgia.it\/en\/wp-json\/wp\/v2\/types\/post"}],"author":[{"embeddable":true,"href":"https:\/\/collidellamurgia.it\/en\/wp-json\/wp\/v2\/users\/714"}],"replies":[{"embeddable":true,"href":"https:\/\/collidellamurgia.it\/en\/wp-json\/wp\/v2\/comments?post=8435"}],"version-history":[{"count":1,"href":"https:\/\/collidellamurgia.it\/en\/wp-json\/wp\/v2\/posts\/8435\/revisions"}],"predecessor-version":[{"id":35884,"href":"https:\/\/collidellamurgia.it\/en\/wp-json\/wp\/v2\/posts\/8435\/revisions\/35884"}],"wp:featuredmedia":[{"embeddable":true,"href":"https:\/\/collidellamurgia.it\/en\/wp-json\/wp\/v2\/media\/6247"}],"wp:attachment":[{"href":"https:\/\/collidellamurgia.it\/en\/wp-json\/wp\/v2\/media?parent=8435"}],"wp:term":[{"taxonomy":"category","embeddable":true,"href":"https:\/\/collidellamurgia.it\/en\/wp-json\/wp\/v2\/categories?post=8435"},{"taxonomy":"post_tag","embeddable":true,"href":"https:\/\/collidellamurgia.it\/en\/wp-json\/wp\/v2\/tags?post=8435"}],"curies":[{"name":"wp","href":"https:\/\/api.w.org\/{rel}","templated":true}]}}